{"id":696,"date":"2021-04-19T11:09:59","date_gmt":"2021-04-19T09:09:59","guid":{"rendered":"https:\/\/www.patenschaftsnetzwerk.de\/?p=696"},"modified":"2021-04-19T11:09:59","modified_gmt":"2021-04-19T09:09:59","slug":"einsatzende-und-ortskraefte","status":"publish","type":"post","link":"https:\/\/www.patenschaftsnetzwerk.de\/en\/einsatzende-und-ortskraefte\/","title":{"rendered":"Einsatzende und Ortskr\u00e4fte"},"content":{"rendered":"\n<p>Die Bundesministerin der Verteidigung hat in einem Interview betont das sie den Ortskr\u00e4ften einen erleichterten Zugang nach Deutschland gew\u00e4hren m\u00f6chte, und es dazu Abstimmungsgespr\u00e4che gibt. <br>Wir unterst\u00fctzen dies ausdr\u00fccklich, und hoffen das sich die Bestrebungen auch auf die Ortskr\u00e4fte die jetzt schon nicht mehr in einem Arbeitsverh\u00e4ltnis stehen ausdehnt, sowie den Ortskr\u00e4ften in Deutschland damit ein dauerhafter Aufenthaltstitel in Aussicht gestellt werden kann. <\/p>\n","protected":false},"excerpt":{"rendered":"<p>Die Bundesministerin der Verteidigung hat in einem Interview betont das sie den Ortskr\u00e4ften einen erleichterten Zugang nach Deutschland gew\u00e4hren m\u00f6chte, und es dazu Abstimmungsgespr\u00e4che gibt. Wir unterst\u00fctzen dies ausdr\u00fccklich, und hoffen das sich die Bestrebungen auch auf die Ortskr\u00e4fte die jetzt schon nicht mehr in einem Arbeitsverh\u00e4ltnis stehen ausdehnt, sowie den Ortskr\u00e4ften in Deutschland damit\u2026 <a href=\"https:\/\/www.patenschaftsnetzwerk.de\/en\/einsatzende-und-ortskraefte\/\">Read More &raquo;<\/a><\/p>\n","protected":false},"author":4,"featured_media":0,"comment_status":"open","ping_status":"open","sticky":false,"template":"","format":"standard","meta":{"_acf_changed":false,"inline_featured_image":false,"footnotes":""},"categories":[1],"tags":[],"class_list":["post-696","post","type-post","status-publish","format-standard","hentry","category-unkategorisiert"],"acf":[],"yoast_head":"<!-- This site is optimized with the Yoast SEO plugin v27.5 - https:\/\/yoast.com\/product\/yoast-seo-wordpress\/ -->\n<title>Einsatzende und Ortskr\u00e4fte - Patenschaftsnetzwerk Ortskr\u00e4fte<\/title>\n<meta name=\"robots\" content=\"index, follow, max-snippet:-1, max-image-preview:large, max-video-preview:-1\" \/>\n<link rel=\"canonical\" href=\"https:\/\/www.patenschaftsnetzwerk.de\/en\/einsatzende-und-ortskraefte\/\" \/>\n<meta property=\"og:locale\" content=\"en_US\" \/>\n<meta property=\"og:type\" content=\"article\" \/>\n<meta property=\"og:title\" content=\"Einsatzende und Ortskr\u00e4fte - Patenschaftsnetzwerk Ortskr\u00e4fte\" \/>\n<meta property=\"og:description\" content=\"Die Bundesministerin der Verteidigung hat in einem Interview betont das sie den Ortskr\u00e4ften einen erleichterten Zugang nach Deutschland gew\u00e4hren m\u00f6chte, und es dazu Abstimmungsgespr\u00e4che gibt. Wir unterst\u00fctzen dies ausdr\u00fccklich, und hoffen das sich die Bestrebungen auch auf die Ortskr\u00e4fte die jetzt schon nicht mehr in einem Arbeitsverh\u00e4ltnis stehen ausdehnt, sowie den Ortskr\u00e4ften in Deutschland damit\u2026 Read More &raquo;\" \/>\n<meta property=\"og:url\" content=\"https:\/\/www.patenschaftsnetzwerk.de\/en\/einsatzende-und-ortskraefte\/\" \/>\n<meta property=\"og:site_name\" content=\"Patenschaftsnetzwerk Ortskr\u00e4fte\" \/>\n<meta property=\"article:published_time\" content=\"2021-04-19T09:09:59+00:00\" \/>\n<meta name=\"author\" content=\"MarcusGrotian\" \/>\n<meta name=\"twitter:card\" content=\"summary_large_image\" \/>\n<meta name=\"twitter:label1\" content=\"Written by\" \/>\n\t<meta name=\"twitter:data1\" content=\"MarcusGrotian\" \/>\n<script type=\"application\/ld+json\" class=\"yoast-schema-graph\">{\"@context\":\"https:\\\/\\\/schema.org\",\"@graph\":[{\"@type\":\"Article\",\"@id\":\"https:\\\/\\\/www.patenschaftsnetzwerk.de\\\/en\\\/einsatzende-und-ortskraefte\\\/#article\",\"isPartOf\":{\"@id\":\"https:\\\/\\\/www.patenschaftsnetzwerk.de\\\/en\\\/einsatzende-und-ortskraefte\\\/\"},\"author\":{\"name\":\"MarcusGrotian\",\"@id\":\"https:\\\/\\\/www.patenschaftsnetzwerk.de\\\/en\\\/#\\\/schema\\\/person\\\/4ec028773939fefcdd0c5aca541b444c\"},\"headline\":\"Einsatzende und Ortskr\u00e4fte\",\"datePublished\":\"2021-04-19T09:09:59+00:00\",\"mainEntityOfPage\":{\"@id\":\"https:\\\/\\\/www.patenschaftsnetzwerk.de\\\/en\\\/einsatzende-und-ortskraefte\\\/\"},\"wordCount\":76,\"commentCount\":15,\"articleSection\":[\"Unkategorisiert\"],\"inLanguage\":\"en-US\",\"potentialAction\":[{\"@type\":\"CommentAction\",\"name\":\"Comment\",\"target\":[\"https:\\\/\\\/www.patenschaftsnetzwerk.de\\\/en\\\/einsatzende-und-ortskraefte\\\/#respond\"]}]},{\"@type\":\"WebPage\",\"@id\":\"https:\\\/\\\/www.patenschaftsnetzwerk.de\\\/en\\\/einsatzende-und-ortskraefte\\\/\",\"url\":\"https:\\\/\\\/www.patenschaftsnetzwerk.de\\\/en\\\/einsatzende-und-ortskraefte\\\/\",\"name\":\"Einsatzende und Ortskr\u00e4fte - Patenschaftsnetzwerk Ortskr\u00e4fte\",\"isPartOf\":{\"@id\":\"https:\\\/\\\/www.patenschaftsnetzwerk.de\\\/en\\\/#website\"},\"datePublished\":\"2021-04-19T09:09:59+00:00\",\"author\":{\"@id\":\"https:\\\/\\\/www.patenschaftsnetzwerk.de\\\/en\\\/#\\\/schema\\\/person\\\/4ec028773939fefcdd0c5aca541b444c\"},\"breadcrumb\":{\"@id\":\"https:\\\/\\\/www.patenschaftsnetzwerk.de\\\/en\\\/einsatzende-und-ortskraefte\\\/#breadcrumb\"},\"inLanguage\":\"en-US\",\"potentialAction\":[{\"@type\":\"ReadAction\",\"target\":[\"https:\\\/\\\/www.patenschaftsnetzwerk.de\\\/en\\\/einsatzende-und-ortskraefte\\\/\"]}]},{\"@type\":\"BreadcrumbList\",\"@id\":\"https:\\\/\\\/www.patenschaftsnetzwerk.de\\\/en\\\/einsatzende-und-ortskraefte\\\/#breadcrumb\",\"itemListElement\":[{\"@type\":\"ListItem\",\"position\":1,\"name\":\"Startseite\",\"item\":\"https:\\\/\\\/www.patenschaftsnetzwerk.de\\\/en\\\/\"},{\"@type\":\"ListItem\",\"position\":2,\"name\":\"Einsatzende und Ortskr\u00e4fte\"}]},{\"@type\":\"WebSite\",\"@id\":\"https:\\\/\\\/www.patenschaftsnetzwerk.de\\\/en\\\/#website\",\"url\":\"https:\\\/\\\/www.patenschaftsnetzwerk.de\\\/en\\\/\",\"name\":\"Patenschaftsnetzwerk Ortskr\u00e4fte\",\"description\":\"\",\"potentialAction\":[{\"@type\":\"SearchAction\",\"target\":{\"@type\":\"EntryPoint\",\"urlTemplate\":\"https:\\\/\\\/www.patenschaftsnetzwerk.de\\\/en\\\/?s={search_term_string}\"},\"query-input\":{\"@type\":\"PropertyValueSpecification\",\"valueRequired\":true,\"valueName\":\"search_term_string\"}}],\"inLanguage\":\"en-US\"},{\"@type\":\"Person\",\"@id\":\"https:\\\/\\\/www.patenschaftsnetzwerk.de\\\/en\\\/#\\\/schema\\\/person\\\/4ec028773939fefcdd0c5aca541b444c\",\"name\":\"MarcusGrotian\",\"image\":{\"@type\":\"ImageObject\",\"inLanguage\":\"en-US\",\"@id\":\"https:\\\/\\\/secure.gravatar.com\\\/avatar\\\/?s=96&d=mm&r=g\",\"url\":\"https:\\\/\\\/secure.gravatar.com\\\/avatar\\\/?s=96&d=mm&r=g\",\"contentUrl\":\"https:\\\/\\\/secure.gravatar.com\\\/avatar\\\/?s=96&d=mm&r=g\",\"caption\":\"MarcusGrotian\"}}]}<\/script>\n<!-- \/ Yoast SEO plugin. -->","yoast_head_json":{"title":"Einsatzende und Ortskr\u00e4fte - Patenschaftsnetzwerk Ortskr\u00e4fte","robots":{"index":"index","follow":"follow","max-snippet":"max-snippet:-1","max-image-preview":"max-image-preview:large","max-video-preview":"max-video-preview:-1"},"canonical":"https:\/\/www.patenschaftsnetzwerk.de\/en\/einsatzende-und-ortskraefte\/","og_locale":"en_US","og_type":"article","og_title":"Einsatzende und Ortskr\u00e4fte - Patenschaftsnetzwerk Ortskr\u00e4fte","og_description":"Die Bundesministerin der Verteidigung hat in einem Interview betont das sie den Ortskr\u00e4ften einen erleichterten Zugang nach Deutschland gew\u00e4hren m\u00f6chte, und es dazu Abstimmungsgespr\u00e4che gibt. Wir unterst\u00fctzen dies ausdr\u00fccklich, und hoffen das sich die Bestrebungen auch auf die Ortskr\u00e4fte die jetzt schon nicht mehr in einem Arbeitsverh\u00e4ltnis stehen ausdehnt, sowie den Ortskr\u00e4ften in Deutschland damit\u2026 Read More &raquo;","og_url":"https:\/\/www.patenschaftsnetzwerk.de\/en\/einsatzende-und-ortskraefte\/","og_site_name":"Patenschaftsnetzwerk Ortskr\u00e4fte","article_published_time":"2021-04-19T09:09:59+00:00","author":"MarcusGrotian","twitter_card":"summary_large_image","twitter_misc":{"Written by":"MarcusGrotian"},"schema":{"@context":"https:\/\/schema.org","@graph":[{"@type":"Article","@id":"https:\/\/www.patenschaftsnetzwerk.de\/en\/einsatzende-und-ortskraefte\/#article","isPartOf":{"@id":"https:\/\/www.patenschaftsnetzwerk.de\/en\/einsatzende-und-ortskraefte\/"},"author":{"name":"MarcusGrotian","@id":"https:\/\/www.patenschaftsnetzwerk.de\/en\/#\/schema\/person\/4ec028773939fefcdd0c5aca541b444c"},"headline":"Einsatzende und Ortskr\u00e4fte","datePublished":"2021-04-19T09:09:59+00:00","mainEntityOfPage":{"@id":"https:\/\/www.patenschaftsnetzwerk.de\/en\/einsatzende-und-ortskraefte\/"},"wordCount":76,"commentCount":15,"articleSection":["Unkategorisiert"],"inLanguage":"en-US","potentialAction":[{"@type":"CommentAction","name":"Comment","target":["https:\/\/www.patenschaftsnetzwerk.de\/en\/einsatzende-und-ortskraefte\/#respond"]}]},{"@type":"WebPage","@id":"https:\/\/www.patenschaftsnetzwerk.de\/en\/einsatzende-und-ortskraefte\/","url":"https:\/\/www.patenschaftsnetzwerk.de\/en\/einsatzende-und-ortskraefte\/","name":"Einsatzende und Ortskr\u00e4fte - Patenschaftsnetzwerk Ortskr\u00e4fte","isPartOf":{"@id":"https:\/\/www.patenschaftsnetzwerk.de\/en\/#website"},"datePublished":"2021-04-19T09:09:59+00:00","author":{"@id":"https:\/\/www.patenschaftsnetzwerk.de\/en\/#\/schema\/person\/4ec028773939fefcdd0c5aca541b444c"},"breadcrumb":{"@id":"https:\/\/www.patenschaftsnetzwerk.de\/en\/einsatzende-und-ortskraefte\/#breadcrumb"},"inLanguage":"en-US","potentialAction":[{"@type":"ReadAction","target":["https:\/\/www.patenschaftsnetzwerk.de\/en\/einsatzende-und-ortskraefte\/"]}]},{"@type":"BreadcrumbList","@id":"https:\/\/www.patenschaftsnetzwerk.de\/en\/einsatzende-und-ortskraefte\/#breadcrumb","itemListElement":[{"@type":"ListItem","position":1,"name":"Startseite","item":"https:\/\/www.patenschaftsnetzwerk.de\/en\/"},{"@type":"ListItem","position":2,"name":"Einsatzende und Ortskr\u00e4fte"}]},{"@type":"WebSite","@id":"https:\/\/www.patenschaftsnetzwerk.de\/en\/#website","url":"https:\/\/www.patenschaftsnetzwerk.de\/en\/","name":"Patenschaftsnetzwerk Ortskr\u00e4fte","description":"","potentialAction":[{"@type":"SearchAction","target":{"@type":"EntryPoint","urlTemplate":"https:\/\/www.patenschaftsnetzwerk.de\/en\/?s={search_term_string}"},"query-input":{"@type":"PropertyValueSpecification","valueRequired":true,"valueName":"search_term_string"}}],"inLanguage":"en-US"},{"@type":"Person","@id":"https:\/\/www.patenschaftsnetzwerk.de\/en\/#\/schema\/person\/4ec028773939fefcdd0c5aca541b444c","name":"MarcusGrotian","image":{"@type":"ImageObject","inLanguage":"en-US","@id":"https:\/\/secure.gravatar.com\/avatar\/?s=96&d=mm&r=g","url":"https:\/\/secure.gravatar.com\/avatar\/?s=96&d=mm&r=g","contentUrl":"https:\/\/secure.gravatar.com\/avatar\/?s=96&d=mm&r=g","caption":"MarcusGrotian"}}]}},"_links":{"self":[{"href":"https:\/\/www.patenschaftsnetzwerk.de\/en\/wp-json\/wp\/v2\/posts\/696","targetHints":{"allow":["GET"]}}],"collection":[{"href":"https:\/\/www.patenschaftsnetzwerk.de\/en\/wp-json\/wp\/v2\/posts"}],"about":[{"href":"https:\/\/www.patenschaftsnetzwerk.de\/en\/wp-json\/wp\/v2\/types\/post"}],"author":[{"embeddable":true,"href":"https:\/\/www.patenschaftsnetzwerk.de\/en\/wp-json\/wp\/v2\/users\/4"}],"replies":[{"embeddable":true,"href":"https:\/\/www.patenschaftsnetzwerk.de\/en\/wp-json\/wp\/v2\/comments?post=696"}],"version-history":[{"count":0,"href":"https:\/\/www.patenschaftsnetzwerk.de\/en\/wp-json\/wp\/v2\/posts\/696\/revisions"}],"wp:attachment":[{"href":"https:\/\/www.patenschaftsnetzwerk.de\/en\/wp-json\/wp\/v2\/media?parent=696"}],"wp:term":[{"taxonomy":"category","embeddable":true,"href":"https:\/\/www.patenschaftsnetzwerk.de\/en\/wp-json\/wp\/v2\/categories?post=696"},{"taxonomy":"post_tag","embeddable":true,"href":"https:\/\/www.patenschaftsnetzwerk.de\/en\/wp-json\/wp\/v2\/tags?post=696"}],"curies":[{"name":"wp","href":"https:\/\/api.w.org\/{rel}","templated":true}]}}