{"id":809,"date":"2022-09-06T15:50:33","date_gmt":"2022-09-06T13:50:33","guid":{"rendered":"https:\/\/www.patenschaftsnetzwerk.de\/?p=809"},"modified":"2022-09-06T15:50:33","modified_gmt":"2022-09-06T13:50:33","slug":"es-reicht-nicht-aus-den-fehlern-der-vergangenheit-zu-lernen","status":"publish","type":"post","link":"https:\/\/www.patenschaftsnetzwerk.de\/en\/es-reicht-nicht-aus-den-fehlern-der-vergangenheit-zu-lernen\/","title":{"rendered":"&#8220;Es reicht nicht, aus den Fehlern der Vergangenheit zu lernen&#8221;"},"content":{"rendered":"\n<figure class=\"wp-block-embed is-type-video is-provider-youtube wp-block-embed-youtube wp-embed-aspect-16-9 wp-has-aspect-ratio\"><div class=\"wp-block-embed__wrapper\">\n<div class=\"epyt-video-wrapper\"><div  id=\"_ytid_86193\"  width=\"625\" height=\"351\"  data-origwidth=\"625\" data-origheight=\"351\" data-facadesrc=\"https:\/\/www.youtube.com\/embed\/UDAx4Mw8d7I?enablejsapi=1&#038;autoplay=0&#038;cc_load_policy=0&#038;cc_lang_pref=&#038;iv_load_policy=1&#038;loop=0&#038;rel=0&#038;fs=1&#038;playsinline=0&#038;autohide=2&#038;theme=dark&#038;color=red&#038;controls=1&#038;disablekb=0&#038;\" class=\"__youtube_prefs__ epyt-facade epyt-is-override  no-lazyload\" data-epautoplay=\"1\" ><img decoding=\"async\" data-spai-excluded=\"true\" class=\"epyt-facade-poster skip-lazy\" loading=\"lazy\"  alt=\"YouTube player\"  src=\"https:\/\/i.ytimg.com\/vi\/UDAx4Mw8d7I\/maxresdefault.jpg\"  \/><button class=\"epyt-facade-play\" aria-label=\"Play\"><svg data-no-lazy=\"1\" height=\"100%\" version=\"1.1\" viewBox=\"0 0 68 48\" width=\"100%\"><path class=\"ytp-large-play-button-bg\" d=\"M66.52,7.74c-0.78-2.93-2.49-5.41-5.42-6.19C55.79,.13,34,0,34,0S12.21,.13,6.9,1.55 C3.97,2.33,2.27,4.81,1.48,7.74C0.06,13.05,0,24,0,24s0.06,10.95,1.48,16.26c0.78,2.93,2.49,5.41,5.42,6.19 C12.21,47.87,34,48,34,48s21.79-0.13,27.1-1.55c2.93-0.78,4.64-3.26,5.42-6.19C67.94,34.95,68,24,68,24S67.94,13.05,66.52,7.74z\" fill=\"#f00\"><\/path><path d=\"M 45,24 27,14 27,34\" fill=\"#fff\"><\/path><\/svg><\/button><\/div><\/div>\n<\/div><\/figure>\n\n\n\n<blockquote class=\"wp-block-quote is-layout-flow wp-block-quote-is-layout-flow\"><p>&#8220;Es reicht nicht aus, aus den Fehlern der Vergangenheit zu lernen. Es ist n\u00f6tig, dass wir uns aus der Lehre des Geschehenen heraus auch bei Ihnen entschuldigen.&#8221;<\/p><cite>&#8211; Luise Amtsberg<\/cite><\/blockquote>\n\n\n\n<p>Sie ist Beauftragte der Bundesregierung f\u00fcr Menschenrechtspolitik und Humanit\u00e4re Hilfe im Ausw\u00e4rtigen Amt. Beim Ortskr\u00e4ftekongress sprach sie unter anderem \u00fcber die Ortskr\u00e4fte und deren Familien, die aktuell in Afghanistan verharren und nur noch auf Hilfe der Bundesregierung hoffen k\u00f6nnen.<\/p>\n\n\n\n<p><br>Das Ortskr\u00e4fteverfahren muss f\u00fcr alle L\u00e4nder \u00fcberarbeitet werden. Das ist die klare Aufforderung an die Bundesregierung.<br>Luise Amtsberg fordert in ihrer Rede auch vier weitere Punkte:<\/p>\n\n\n\n<ol class=\"wp-block-list\"><li>Eine erweiterte Definition des Begriffes Ortskr\u00e4fte<\/li><li>Erleichterte Antragsverfahren<\/li><li>Die Erweiterung des bisherigen Familienbegriffes<\/li><li>Die dauerhafte finanzielle F\u00f6rderung der Arbeit der Zivilgesellschaft<\/li><\/ol>\n\n\n\n<p><\/p>\n\n\n\n<p>Sie weist auch darauf hin:<br>&#8220;Wenn Deutschland kein zuverl\u00e4ssiger Arbeitgeber, kein zuverl\u00e4ssiger Partner ist, dann laufen all diese Bem\u00fchungen zwangsl\u00e4ufig ins Leere.&#8221;<br>Das Patenschaftsnetzwerk Afghanische Ortskr\u00e4fte, PRO ASYL und die Evangelische Akademie zu Berlin haben ehemaligen Ortskr\u00e4ften, die schon nach Deutschland gelangen konnten, mit dem Ortskr\u00e4ftekongress 2022 ein Plenum gegeben, um sich untereinander auszutauschen und zu vernetzen.<\/p>\n","protected":false},"excerpt":{"rendered":"<p>&#8220;Es reicht nicht aus, aus den Fehlern der Vergangenheit zu lernen. Es ist n\u00f6tig, dass wir uns aus der Lehre des Geschehenen heraus auch bei Ihnen entschuldigen.&#8221; &#8211; Luise Amtsberg Sie ist Beauftragte der Bundesregierung f\u00fcr Menschenrechtspolitik und Humanit\u00e4re Hilfe im Ausw\u00e4rtigen Amt. Beim Ortskr\u00e4ftekongress sprach sie unter anderem \u00fcber die Ortskr\u00e4fte und deren Familien,\u2026 <a href=\"https:\/\/www.patenschaftsnetzwerk.de\/en\/es-reicht-nicht-aus-den-fehlern-der-vergangenheit-zu-lernen\/\">Read More &raquo;<\/a><\/p>\n","protected":false},"author":4,"featured_media":810,"comment_status":"open","ping_status":"open","sticky":false,"template":"","format":"standard","meta":{"_acf_changed":false,"inline_featured_image":false,"footnotes":""},"categories":[1],"tags":[],"class_list":["post-809","post","type-post","status-publish","format-standard","has-post-thumbnail","hentry","category-unkategorisiert"],"acf":[],"yoast_head":"<!-- This site is optimized with the Yoast SEO plugin v27.5 - https:\/\/yoast.com\/product\/yoast-seo-wordpress\/ -->\n<title>&quot;Es reicht nicht, aus den Fehlern der Vergangenheit zu lernen&quot; - Patenschaftsnetzwerk Ortskr\u00e4fte<\/title>\n<meta name=\"robots\" content=\"index, follow, max-snippet:-1, max-image-preview:large, max-video-preview:-1\" \/>\n<link rel=\"canonical\" href=\"https:\/\/www.patenschaftsnetzwerk.de\/en\/es-reicht-nicht-aus-den-fehlern-der-vergangenheit-zu-lernen\/\" \/>\n<meta property=\"og:locale\" content=\"en_US\" \/>\n<meta property=\"og:type\" content=\"article\" \/>\n<meta property=\"og:title\" content=\"&quot;Es reicht nicht, aus den Fehlern der Vergangenheit zu lernen&quot; - Patenschaftsnetzwerk Ortskr\u00e4fte\" \/>\n<meta property=\"og:description\" content=\"&#8220;Es reicht nicht aus, aus den Fehlern der Vergangenheit zu lernen. Es ist n\u00f6tig, dass wir uns aus der Lehre des Geschehenen heraus auch bei Ihnen entschuldigen.&#8221; &#8211; Luise Amtsberg Sie ist Beauftragte der Bundesregierung f\u00fcr Menschenrechtspolitik und Humanit\u00e4re Hilfe im Ausw\u00e4rtigen Amt. Beim Ortskr\u00e4ftekongress sprach sie unter anderem \u00fcber die Ortskr\u00e4fte und deren Familien,\u2026 Read More &raquo;\" \/>\n<meta property=\"og:url\" content=\"https:\/\/www.patenschaftsnetzwerk.de\/en\/es-reicht-nicht-aus-den-fehlern-der-vergangenheit-zu-lernen\/\" \/>\n<meta property=\"og:site_name\" content=\"Patenschaftsnetzwerk Ortskr\u00e4fte\" \/>\n<meta property=\"article:published_time\" content=\"2022-09-06T13:50:33+00:00\" \/>\n<meta name=\"author\" content=\"MarcusGrotian\" \/>\n<meta name=\"twitter:card\" content=\"summary_large_image\" \/>\n<meta name=\"twitter:label1\" content=\"Written by\" \/>\n\t<meta name=\"twitter:data1\" content=\"MarcusGrotian\" \/>\n\t<meta name=\"twitter:label2\" content=\"Est. reading time\" \/>\n\t<meta name=\"twitter:data2\" content=\"1 minute\" \/>\n<script type=\"application\/ld+json\" class=\"yoast-schema-graph\">{\"@context\":\"https:\\\/\\\/schema.org\",\"@graph\":[{\"@type\":\"Article\",\"@id\":\"https:\\\/\\\/www.patenschaftsnetzwerk.de\\\/en\\\/es-reicht-nicht-aus-den-fehlern-der-vergangenheit-zu-lernen\\\/#article\",\"isPartOf\":{\"@id\":\"https:\\\/\\\/www.patenschaftsnetzwerk.de\\\/en\\\/es-reicht-nicht-aus-den-fehlern-der-vergangenheit-zu-lernen\\\/\"},\"author\":{\"name\":\"MarcusGrotian\",\"@id\":\"https:\\\/\\\/www.patenschaftsnetzwerk.de\\\/en\\\/#\\\/schema\\\/person\\\/4ec028773939fefcdd0c5aca541b444c\"},\"headline\":\"&#8220;Es reicht nicht, aus den Fehlern der Vergangenheit zu lernen&#8221;\",\"datePublished\":\"2022-09-06T13:50:33+00:00\",\"mainEntityOfPage\":{\"@id\":\"https:\\\/\\\/www.patenschaftsnetzwerk.de\\\/en\\\/es-reicht-nicht-aus-den-fehlern-der-vergangenheit-zu-lernen\\\/\"},\"wordCount\":208,\"commentCount\":7,\"image\":{\"@id\":\"https:\\\/\\\/www.patenschaftsnetzwerk.de\\\/en\\\/es-reicht-nicht-aus-den-fehlern-der-vergangenheit-zu-lernen\\\/#primaryimage\"},\"thumbnailUrl\":\"\",\"articleSection\":[\"Unkategorisiert\"],\"inLanguage\":\"en-US\",\"potentialAction\":[{\"@type\":\"CommentAction\",\"name\":\"Comment\",\"target\":[\"https:\\\/\\\/www.patenschaftsnetzwerk.de\\\/en\\\/es-reicht-nicht-aus-den-fehlern-der-vergangenheit-zu-lernen\\\/#respond\"]}]},{\"@type\":\"WebPage\",\"@id\":\"https:\\\/\\\/www.patenschaftsnetzwerk.de\\\/en\\\/es-reicht-nicht-aus-den-fehlern-der-vergangenheit-zu-lernen\\\/\",\"url\":\"https:\\\/\\\/www.patenschaftsnetzwerk.de\\\/en\\\/es-reicht-nicht-aus-den-fehlern-der-vergangenheit-zu-lernen\\\/\",\"name\":\"\\\"Es reicht nicht, aus den Fehlern der Vergangenheit zu lernen\\\" - Patenschaftsnetzwerk Ortskr\u00e4fte\",\"isPartOf\":{\"@id\":\"https:\\\/\\\/www.patenschaftsnetzwerk.de\\\/en\\\/#website\"},\"primaryImageOfPage\":{\"@id\":\"https:\\\/\\\/www.patenschaftsnetzwerk.de\\\/en\\\/es-reicht-nicht-aus-den-fehlern-der-vergangenheit-zu-lernen\\\/#primaryimage\"},\"image\":{\"@id\":\"https:\\\/\\\/www.patenschaftsnetzwerk.de\\\/en\\\/es-reicht-nicht-aus-den-fehlern-der-vergangenheit-zu-lernen\\\/#primaryimage\"},\"thumbnailUrl\":\"\",\"datePublished\":\"2022-09-06T13:50:33+00:00\",\"author\":{\"@id\":\"https:\\\/\\\/www.patenschaftsnetzwerk.de\\\/en\\\/#\\\/schema\\\/person\\\/4ec028773939fefcdd0c5aca541b444c\"},\"breadcrumb\":{\"@id\":\"https:\\\/\\\/www.patenschaftsnetzwerk.de\\\/en\\\/es-reicht-nicht-aus-den-fehlern-der-vergangenheit-zu-lernen\\\/#breadcrumb\"},\"inLanguage\":\"en-US\",\"potentialAction\":[{\"@type\":\"ReadAction\",\"target\":[\"https:\\\/\\\/www.patenschaftsnetzwerk.de\\\/en\\\/es-reicht-nicht-aus-den-fehlern-der-vergangenheit-zu-lernen\\\/\"]}]},{\"@type\":\"ImageObject\",\"inLanguage\":\"en-US\",\"@id\":\"https:\\\/\\\/www.patenschaftsnetzwerk.de\\\/en\\\/es-reicht-nicht-aus-den-fehlern-der-vergangenheit-zu-lernen\\\/#primaryimage\",\"url\":\"\",\"contentUrl\":\"\"},{\"@type\":\"BreadcrumbList\",\"@id\":\"https:\\\/\\\/www.patenschaftsnetzwerk.de\\\/en\\\/es-reicht-nicht-aus-den-fehlern-der-vergangenheit-zu-lernen\\\/#breadcrumb\",\"itemListElement\":[{\"@type\":\"ListItem\",\"position\":1,\"name\":\"Startseite\",\"item\":\"https:\\\/\\\/www.patenschaftsnetzwerk.de\\\/en\\\/\"},{\"@type\":\"ListItem\",\"position\":2,\"name\":\"&#8222;Es reicht nicht, aus den Fehlern der Vergangenheit zu lernen&#8220;\"}]},{\"@type\":\"WebSite\",\"@id\":\"https:\\\/\\\/www.patenschaftsnetzwerk.de\\\/en\\\/#website\",\"url\":\"https:\\\/\\\/www.patenschaftsnetzwerk.de\\\/en\\\/\",\"name\":\"Patenschaftsnetzwerk Ortskr\u00e4fte\",\"description\":\"\",\"potentialAction\":[{\"@type\":\"SearchAction\",\"target\":{\"@type\":\"EntryPoint\",\"urlTemplate\":\"https:\\\/\\\/www.patenschaftsnetzwerk.de\\\/en\\\/?s={search_term_string}\"},\"query-input\":{\"@type\":\"PropertyValueSpecification\",\"valueRequired\":true,\"valueName\":\"search_term_string\"}}],\"inLanguage\":\"en-US\"},{\"@type\":\"Person\",\"@id\":\"https:\\\/\\\/www.patenschaftsnetzwerk.de\\\/en\\\/#\\\/schema\\\/person\\\/4ec028773939fefcdd0c5aca541b444c\",\"name\":\"MarcusGrotian\",\"image\":{\"@type\":\"ImageObject\",\"inLanguage\":\"en-US\",\"@id\":\"https:\\\/\\\/secure.gravatar.com\\\/avatar\\\/?s=96&d=mm&r=g\",\"url\":\"https:\\\/\\\/secure.gravatar.com\\\/avatar\\\/?s=96&d=mm&r=g\",\"contentUrl\":\"https:\\\/\\\/secure.gravatar.com\\\/avatar\\\/?s=96&d=mm&r=g\",\"caption\":\"MarcusGrotian\"}}]}<\/script>\n<!-- \/ Yoast SEO plugin. -->","yoast_head_json":{"title":"\"Es reicht nicht, aus den Fehlern der Vergangenheit zu lernen\" - Patenschaftsnetzwerk Ortskr\u00e4fte","robots":{"index":"index","follow":"follow","max-snippet":"max-snippet:-1","max-image-preview":"max-image-preview:large","max-video-preview":"max-video-preview:-1"},"canonical":"https:\/\/www.patenschaftsnetzwerk.de\/en\/es-reicht-nicht-aus-den-fehlern-der-vergangenheit-zu-lernen\/","og_locale":"en_US","og_type":"article","og_title":"\"Es reicht nicht, aus den Fehlern der Vergangenheit zu lernen\" - Patenschaftsnetzwerk Ortskr\u00e4fte","og_description":"&#8220;Es reicht nicht aus, aus den Fehlern der Vergangenheit zu lernen. Es ist n\u00f6tig, dass wir uns aus der Lehre des Geschehenen heraus auch bei Ihnen entschuldigen.&#8221; &#8211; Luise Amtsberg Sie ist Beauftragte der Bundesregierung f\u00fcr Menschenrechtspolitik und Humanit\u00e4re Hilfe im Ausw\u00e4rtigen Amt. Beim Ortskr\u00e4ftekongress sprach sie unter anderem \u00fcber die Ortskr\u00e4fte und deren Familien,\u2026 Read More &raquo;","og_url":"https:\/\/www.patenschaftsnetzwerk.de\/en\/es-reicht-nicht-aus-den-fehlern-der-vergangenheit-zu-lernen\/","og_site_name":"Patenschaftsnetzwerk Ortskr\u00e4fte","article_published_time":"2022-09-06T13:50:33+00:00","author":"MarcusGrotian","twitter_card":"summary_large_image","twitter_misc":{"Written by":"MarcusGrotian","Est. reading time":"1 minute"},"schema":{"@context":"https:\/\/schema.org","@graph":[{"@type":"Article","@id":"https:\/\/www.patenschaftsnetzwerk.de\/en\/es-reicht-nicht-aus-den-fehlern-der-vergangenheit-zu-lernen\/#article","isPartOf":{"@id":"https:\/\/www.patenschaftsnetzwerk.de\/en\/es-reicht-nicht-aus-den-fehlern-der-vergangenheit-zu-lernen\/"},"author":{"name":"MarcusGrotian","@id":"https:\/\/www.patenschaftsnetzwerk.de\/en\/#\/schema\/person\/4ec028773939fefcdd0c5aca541b444c"},"headline":"&#8220;Es reicht nicht, aus den Fehlern der Vergangenheit zu lernen&#8221;","datePublished":"2022-09-06T13:50:33+00:00","mainEntityOfPage":{"@id":"https:\/\/www.patenschaftsnetzwerk.de\/en\/es-reicht-nicht-aus-den-fehlern-der-vergangenheit-zu-lernen\/"},"wordCount":208,"commentCount":7,"image":{"@id":"https:\/\/www.patenschaftsnetzwerk.de\/en\/es-reicht-nicht-aus-den-fehlern-der-vergangenheit-zu-lernen\/#primaryimage"},"thumbnailUrl":"","articleSection":["Unkategorisiert"],"inLanguage":"en-US","potentialAction":[{"@type":"CommentAction","name":"Comment","target":["https:\/\/www.patenschaftsnetzwerk.de\/en\/es-reicht-nicht-aus-den-fehlern-der-vergangenheit-zu-lernen\/#respond"]}]},{"@type":"WebPage","@id":"https:\/\/www.patenschaftsnetzwerk.de\/en\/es-reicht-nicht-aus-den-fehlern-der-vergangenheit-zu-lernen\/","url":"https:\/\/www.patenschaftsnetzwerk.de\/en\/es-reicht-nicht-aus-den-fehlern-der-vergangenheit-zu-lernen\/","name":"\"Es reicht nicht, aus den Fehlern der Vergangenheit zu lernen\" - Patenschaftsnetzwerk Ortskr\u00e4fte","isPartOf":{"@id":"https:\/\/www.patenschaftsnetzwerk.de\/en\/#website"},"primaryImageOfPage":{"@id":"https:\/\/www.patenschaftsnetzwerk.de\/en\/es-reicht-nicht-aus-den-fehlern-der-vergangenheit-zu-lernen\/#primaryimage"},"image":{"@id":"https:\/\/www.patenschaftsnetzwerk.de\/en\/es-reicht-nicht-aus-den-fehlern-der-vergangenheit-zu-lernen\/#primaryimage"},"thumbnailUrl":"","datePublished":"2022-09-06T13:50:33+00:00","author":{"@id":"https:\/\/www.patenschaftsnetzwerk.de\/en\/#\/schema\/person\/4ec028773939fefcdd0c5aca541b444c"},"breadcrumb":{"@id":"https:\/\/www.patenschaftsnetzwerk.de\/en\/es-reicht-nicht-aus-den-fehlern-der-vergangenheit-zu-lernen\/#breadcrumb"},"inLanguage":"en-US","potentialAction":[{"@type":"ReadAction","target":["https:\/\/www.patenschaftsnetzwerk.de\/en\/es-reicht-nicht-aus-den-fehlern-der-vergangenheit-zu-lernen\/"]}]},{"@type":"ImageObject","inLanguage":"en-US","@id":"https:\/\/www.patenschaftsnetzwerk.de\/en\/es-reicht-nicht-aus-den-fehlern-der-vergangenheit-zu-lernen\/#primaryimage","url":"","contentUrl":""},{"@type":"BreadcrumbList","@id":"https:\/\/www.patenschaftsnetzwerk.de\/en\/es-reicht-nicht-aus-den-fehlern-der-vergangenheit-zu-lernen\/#breadcrumb","itemListElement":[{"@type":"ListItem","position":1,"name":"Startseite","item":"https:\/\/www.patenschaftsnetzwerk.de\/en\/"},{"@type":"ListItem","position":2,"name":"&#8222;Es reicht nicht, aus den Fehlern der Vergangenheit zu lernen&#8220;"}]},{"@type":"WebSite","@id":"https:\/\/www.patenschaftsnetzwerk.de\/en\/#website","url":"https:\/\/www.patenschaftsnetzwerk.de\/en\/","name":"Patenschaftsnetzwerk Ortskr\u00e4fte","description":"","potentialAction":[{"@type":"SearchAction","target":{"@type":"EntryPoint","urlTemplate":"https:\/\/www.patenschaftsnetzwerk.de\/en\/?s={search_term_string}"},"query-input":{"@type":"PropertyValueSpecification","valueRequired":true,"valueName":"search_term_string"}}],"inLanguage":"en-US"},{"@type":"Person","@id":"https:\/\/www.patenschaftsnetzwerk.de\/en\/#\/schema\/person\/4ec028773939fefcdd0c5aca541b444c","name":"MarcusGrotian","image":{"@type":"ImageObject","inLanguage":"en-US","@id":"https:\/\/secure.gravatar.com\/avatar\/?s=96&d=mm&r=g","url":"https:\/\/secure.gravatar.com\/avatar\/?s=96&d=mm&r=g","contentUrl":"https:\/\/secure.gravatar.com\/avatar\/?s=96&d=mm&r=g","caption":"MarcusGrotian"}}]}},"_links":{"self":[{"href":"https:\/\/www.patenschaftsnetzwerk.de\/en\/wp-json\/wp\/v2\/posts\/809","targetHints":{"allow":["GET"]}}],"collection":[{"href":"https:\/\/www.patenschaftsnetzwerk.de\/en\/wp-json\/wp\/v2\/posts"}],"about":[{"href":"https:\/\/www.patenschaftsnetzwerk.de\/en\/wp-json\/wp\/v2\/types\/post"}],"author":[{"embeddable":true,"href":"https:\/\/www.patenschaftsnetzwerk.de\/en\/wp-json\/wp\/v2\/users\/4"}],"replies":[{"embeddable":true,"href":"https:\/\/www.patenschaftsnetzwerk.de\/en\/wp-json\/wp\/v2\/comments?post=809"}],"version-history":[{"count":0,"href":"https:\/\/www.patenschaftsnetzwerk.de\/en\/wp-json\/wp\/v2\/posts\/809\/revisions"}],"wp:featuredmedia":[{"embeddable":true,"href":"https:\/\/www.patenschaftsnetzwerk.de\/en\/wp-json\/"}],"wp:attachment":[{"href":"https:\/\/www.patenschaftsnetzwerk.de\/en\/wp-json\/wp\/v2\/media?parent=809"}],"wp:term":[{"taxonomy":"category","embeddable":true,"href":"https:\/\/www.patenschaftsnetzwerk.de\/en\/wp-json\/wp\/v2\/categories?post=809"},{"taxonomy":"post_tag","embeddable":true,"href":"https:\/\/www.patenschaftsnetzwerk.de\/en\/wp-json\/wp\/v2\/tags?post=809"}],"curies":[{"name":"wp","href":"https:\/\/api.w.org\/{rel}","templated":true}]}}